{"id":55604,"date":"2026-04-01T15:15:53","date_gmt":"2026-04-01T15:15:53","guid":{"rendered":"https:\/\/cafe-oz.com\/latino-party-at-cafe-oz-rooftop\/"},"modified":"2026-04-10T15:25:51","modified_gmt":"2026-04-10T15:25:51","slug":"latino-party-at-cafe-oz-rooftop","status":"publish","type":"post","link":"https:\/\/cafe-oz.com\/en\/latino-party-at-cafe-oz-rooftop\/","title":{"rendered":"Latino Party at Caf\u00e9 Oz Rooftop"},"content":{"rendered":"\t\t<div data-elementor-type=\"wp-post\" data-elementor-id=\"55604\" class=\"elementor elementor-55604 elementor-55196\" data-elementor-post-type=\"post\">\n\t\t\t\t<div class=\"elementor-element elementor-element-dcedb2a e-flex e-con-boxed e-con e-parent\" data-id=\"dcedb2a\" data-element_type=\"container\" data-e-type=\"container\">\n\t\t\t\t\t<div class=\"e-con-inner\">\n\t\t\t\t<div class=\"elementor-element elementor-element-6a12704 elementor-widget elementor-widget-heading\" data-id=\"6a12704\" data-element_type=\"widget\" data-e-type=\"widget\" data-widget_type=\"heading.default\">\n\t\t\t\t<div class=\"elementor-widget-container\">\n\t\t\t\t\t<h2 class=\"elementor-heading-title elementor-size-default\">Perreo Latino in Paris : The ultimate reggaeton Tuesday party at Caf\u00e9 Oz Rooftop <\/h2>\t\t\t\t<\/div>\n\t\t\t\t<\/div>\n\t\t\t\t\t<\/div>\n\t\t\t\t<\/div>\n\t\t<div class=\"elementor-element elementor-element-ba9882d e-flex e-con-boxed e-con e-parent\" data-id=\"ba9882d\" data-element_type=\"container\" data-e-type=\"container\">\n\t\t\t\t\t<div class=\"e-con-inner\">\n\t\t\t\t<div class=\"elementor-element elementor-element-effd577 elementor-widget elementor-widget-text-editor\" data-id=\"effd577\" data-element_type=\"widget\" data-e-type=\"widget\" data-widget_type=\"text-editor.default\">\n\t\t\t\t<div class=\"elementor-widget-container\">\n\t\t\t\t\t\t\t\t\t<div class=\"fusion-title title fusion-title-3 fusion-sep-none fusion-title-text fusion-title-size-two\">\n<p>Looking for a Latino party in Paris to spice up your Tuesdays? Caf\u00e9 Oz Rooftop presents Perreo Latino w\/ Juste Romain &amp; Irvin Turn, a weekly event dedicated to reggaeton, Latin music, and caliente vibes, all with a breathtaking view over the capital. Every Tuesday, experience a unique rooftop night in Paris, blending lively afterwork energy with a fiery late-night atmosphere.<\/p>\n<\/div>\n\t\t\t\t\t\t\t\t<\/div>\n\t\t\t\t<\/div>\n\t\t\t\t<div class=\"elementor-element elementor-element-e36bc34 elementor-widget elementor-widget-heading\" data-id=\"e36bc34\" data-element_type=\"widget\" data-e-type=\"widget\" data-widget_type=\"heading.default\">\n\t\t\t\t<div class=\"elementor-widget-container\">\n\t\t\t\t\t<h3 class=\"elementor-heading-title elementor-size-default\">A Latino party on one of the largest rooftops in Paris <\/h3>\t\t\t\t<\/div>\n\t\t\t\t<\/div>\n\t\t\t\t<div class=\"elementor-element elementor-element-3ca8683 elementor-widget elementor-widget-text-editor\" data-id=\"3ca8683\" data-element_type=\"widget\" data-e-type=\"widget\" data-widget_type=\"text-editor.default\">\n\t\t\t\t<div class=\"elementor-widget-container\">\n\t\t\t\t\t\t\t\t\t<p>Located at the top of the Cit\u00e9 de la Mode et du Design, Caf\u00e9 Oz Rooftop stands as a true reference among Paris rooftops. Every Tuesday, the venue transforms into a vibrant Latino hotspot, where guests can enjoy the sunset over the Seine before the party kicks in. Right after work, the afterwork vibe settles in, then the night gradually builds into a high-energy open-air dancefloor. The perfect spot for anyone looking for a unique weekday party in Paris.<\/p>\n\t\t\t\t\t\t\t\t<\/div>\n\t\t\t\t<\/div>\n\t\t\t\t<div class=\"elementor-element elementor-element-ba4395b elementor-skin-carousel elementor-arrows-yes elementor-pagination-type-bullets elementor-pagination-position-outside elementor-widget elementor-widget-media-carousel\" data-id=\"ba4395b\" data-element_type=\"widget\" data-e-type=\"widget\" data-settings=\"{&quot;skin&quot;:&quot;carousel&quot;,&quot;effect&quot;:&quot;slide&quot;,&quot;show_arrows&quot;:&quot;yes&quot;,&quot;pagination&quot;:&quot;bullets&quot;,&quot;speed&quot;:500,&quot;autoplay&quot;:&quot;yes&quot;,&quot;autoplay_speed&quot;:5000,&quot;loop&quot;:&quot;yes&quot;,&quot;pause_on_hover&quot;:&quot;yes&quot;,&quot;pause_on_interaction&quot;:&quot;yes&quot;,&quot;space_between&quot;:{&quot;unit&quot;:&quot;px&quot;,&quot;size&quot;:10,&quot;sizes&quot;:[]},&quot;space_between_tablet&quot;:{&quot;unit&quot;:&quot;px&quot;,&quot;size&quot;:10,&quot;sizes&quot;:[]},&quot;space_between_mobile&quot;:{&quot;unit&quot;:&quot;px&quot;,&quot;size&quot;:10,&quot;sizes&quot;:[]}}\" data-widget_type=\"media-carousel.default\">\n\t\t\t\t<div class=\"elementor-widget-container\">\n\t\t\t\t\t\t\t\t\t<div class=\"elementor-swiper\">\n\t\t\t\t\t<div class=\"elementor-main-swiper swiper\" role=\"region\" aria-roledescription=\"carousel\" aria-label=\"Slides\">\n\t\t\t\t<div class=\"swiper-wrapper\">\n\t\t\t\t\t\t\t\t\t\t\t<div class=\"swiper-slide\" role=\"group\" aria-roledescription=\"slide\">\n\t\t\t\t\t\t\t\t\t<div class=\"elementor-carousel-image\" role=\"img\" aria-label=\"DSCF7009\" style=\"background-image: url(&#039;https:\/\/cafe-oz.com\/wp-content\/uploads\/2025\/11\/DSCF7009-1-scaled.jpg&#039;)\">\n\n\t\t\t\n\t\t\t\t\t<\/div>\n\t\t\t\t\t\t\t\t<\/div>\n\t\t\t\t\t\t\t\t\t\t\t<div class=\"swiper-slide\" role=\"group\" aria-roledescription=\"slide\">\n\t\t\t\t\t\t\t\t\t<div class=\"elementor-carousel-image\" role=\"img\" aria-label=\"CAFE-OZ-ROOFTOP-CONCERT-by-Damien-Paillard-18-scaled\" style=\"background-image: url(&#039;https:\/\/cafe-oz.com\/wp-content\/uploads\/2025\/07\/CAFE-OZ-ROOFTOP-CONCERT-by-Damien-Paillard-18-scaled-1.jpg&#039;)\">\n\n\t\t\t\n\t\t\t\t\t<\/div>\n\t\t\t\t\t\t\t\t<\/div>\n\t\t\t\t\t\t\t\t\t\t\t<div class=\"swiper-slide\" role=\"group\" aria-roledescription=\"slide\">\n\t\t\t\t\t\t\t\t\t<div class=\"elementor-carousel-image\" role=\"img\" aria-label=\"LP1A4081\" style=\"background-image: url(&#039;https:\/\/cafe-oz.com\/wp-content\/uploads\/2025\/11\/LP1A4081-scaled.jpg&#039;)\">\n\n\t\t\t\n\t\t\t\t\t<\/div>\n\t\t\t\t\t\t\t\t<\/div>\n\t\t\t\t\t\t\t\t\t\t\t<div class=\"swiper-slide\" role=\"group\" aria-roledescription=\"slide\">\n\t\t\t\t\t\t\t\t\t<div class=\"elementor-carousel-image\" role=\"img\" aria-label=\"Still 2025-04-21 230633_1.1553.1\" style=\"background-image: url(&#039;https:\/\/cafe-oz.com\/wp-content\/uploads\/2025\/04\/Still-2025-04-21-230633_1.1553.1.jpg&#039;)\">\n\n\t\t\t\n\t\t\t\t\t<\/div>\n\t\t\t\t\t\t\t\t<\/div>\n\t\t\t\t\t\t\t\t\t\t\t<div class=\"swiper-slide\" role=\"group\" aria-roledescription=\"slide\">\n\t\t\t\t\t\t\t\t\t<div class=\"elementor-carousel-image\" role=\"img\" aria-label=\"DSCF7186\" style=\"background-image: url(&#039;https:\/\/cafe-oz.com\/wp-content\/uploads\/2025\/11\/DSCF7186-scaled.jpg&#039;)\">\n\n\t\t\t\n\t\t\t\t\t<\/div>\n\t\t\t\t\t\t\t\t<\/div>\n\t\t\t\t\t\t\t\t\t\t\t<div class=\"swiper-slide\" role=\"group\" aria-roledescription=\"slide\">\n\t\t\t\t\t\t\t\t\t<div class=\"elementor-carousel-image\" role=\"img\" aria-label=\"DSCF7058\" style=\"background-image: url(&#039;https:\/\/cafe-oz.com\/wp-content\/uploads\/2025\/04\/DSCF7058-scaled.jpg&#039;)\">\n\n\t\t\t\n\t\t\t\t\t<\/div>\n\t\t\t\t\t\t\t\t<\/div>\n\t\t\t\t\t\t\t\t\t\t\t<div class=\"swiper-slide\" role=\"group\" aria-roledescription=\"slide\">\n\t\t\t\t\t\t\t\t\t<div class=\"elementor-carousel-image\" role=\"img\" aria-label=\"DSCF7156\" style=\"background-image: url(&#039;https:\/\/cafe-oz.com\/wp-content\/uploads\/2025\/04\/DSCF7156-scaled.jpg&#039;)\">\n\n\t\t\t\n\t\t\t\t\t<\/div>\n\t\t\t\t\t\t\t\t<\/div>\n\t\t\t\t\t\t\t\t\t\t\t<div class=\"swiper-slide\" role=\"group\" aria-roledescription=\"slide\">\n\t\t\t\t\t\t\t\t\t<div class=\"elementor-carousel-image\" role=\"img\" aria-label=\"Still 2025-04-21 230633_1.1551.1\" style=\"background-image: url(&#039;https:\/\/cafe-oz.com\/wp-content\/uploads\/2025\/04\/Still-2025-04-21-230633_1.1551.1.jpg&#039;)\">\n\n\t\t\t\n\t\t\t\t\t<\/div>\n\t\t\t\t\t\t\t\t<\/div>\n\t\t\t\t\t\t\t\t\t<\/div>\n\t\t\t\t\t\t\t\t\t\t\t\t\t\t\t<div class=\"elementor-swiper-button elementor-swiper-button-prev\" role=\"button\" tabindex=\"0\" aria-label=\"Previous\">\n\t\t\t\t\t\t\t<svg aria-hidden=\"true\" class=\"e-font-icon-svg e-eicon-chevron-left\" viewBox=\"0 0 1000 1000\" xmlns=\"http:\/\/www.w3.org\/2000\/svg\"><path d=\"M646 125C629 125 613 133 604 142L308 442C296 454 292 471 292 487 292 504 296 521 308 533L604 854C617 867 629 875 646 875 663 875 679 871 692 858 704 846 713 829 713 812 713 796 708 779 692 767L438 487 692 225C700 217 708 204 708 187 708 171 704 154 692 142 675 129 663 125 646 125Z\"><\/path><\/svg>\t\t\t\t\t\t<\/div>\n\t\t\t\t\t\t<div class=\"elementor-swiper-button elementor-swiper-button-next\" role=\"button\" tabindex=\"0\" aria-label=\"Next\">\n\t\t\t\t\t\t\t<svg aria-hidden=\"true\" class=\"e-font-icon-svg e-eicon-chevron-right\" viewBox=\"0 0 1000 1000\" xmlns=\"http:\/\/www.w3.org\/2000\/svg\"><path d=\"M696 533C708 521 713 504 713 487 713 471 708 454 696 446L400 146C388 133 375 125 354 125 338 125 325 129 313 142 300 154 292 171 292 187 292 204 296 221 308 233L563 492 304 771C292 783 288 800 288 817 288 833 296 850 308 863 321 871 338 875 354 875 371 875 388 867 400 854L696 533Z\"><\/path><\/svg>\t\t\t\t\t\t<\/div>\n\t\t\t\t\t\t\t\t\t\t\t\t\t\t\t\t<div class=\"swiper-pagination\"><\/div>\n\t\t\t\t\t\t\t\t\t\t\t\t<\/div>\n\t\t\t\t<\/div>\n\t\t\t\t\t\t\t\t<\/div>\n\t\t\t\t<\/div>\n\t\t\t\t<div class=\"elementor-element elementor-element-442e890 elementor-widget elementor-widget-heading\" data-id=\"442e890\" data-element_type=\"widget\" data-e-type=\"widget\" data-widget_type=\"heading.default\">\n\t\t\t\t<div class=\"elementor-widget-container\">\n\t\t\t\t\t<h3 class=\"elementor-heading-title elementor-size-default\">Reggaeton, perreo &amp; DJ sets with Juste Romain &amp; Irvin Turn<\/h3>\t\t\t\t<\/div>\n\t\t\t\t<\/div>\n\t\t\t\t<div class=\"elementor-element elementor-element-7f5f5a1 elementor-widget elementor-widget-text-editor\" data-id=\"7f5f5a1\" data-element_type=\"widget\" data-e-type=\"widget\" data-widget_type=\"text-editor.default\">\n\t\t\t\t<div class=\"elementor-widget-container\">\n\t\t\t\t\t\t\t\t\t<p>Behind the decks, Juste Romain brings a sunny energy with a mix of reggaeton, perreo, Latin hits, and baile funk influences.<\/p>\n<p>The lineup is crafted for reggaeton lovers in Paris and anyone ready to dance to warm, festive rhythms. The atmosphere quickly turns electric, driven by a crowd eager to enjoy a true Latino experience in the heart of the city.<\/p>\n\t\t\t\t\t\t\t\t<\/div>\n\t\t\t\t<\/div>\n\t\t\t\t<div class=\"elementor-element elementor-element-c06f6f0 elementor-widget elementor-widget-heading\" data-id=\"c06f6f0\" data-element_type=\"widget\" data-e-type=\"widget\" data-widget_type=\"heading.default\">\n\t\t\t\t<div class=\"elementor-widget-container\">\n\t\t\t\t\t<h3 class=\"elementor-heading-title elementor-size-default\">Latino afterwork in Paris: happy hour &amp; vibrant vibes <\/h3>\t\t\t\t<\/div>\n\t\t\t\t<\/div>\n\t\t\t\t<div class=\"elementor-element elementor-element-62cde8a elementor-widget elementor-widget-text-editor\" data-id=\"62cde8a\" data-element_type=\"widget\" data-e-type=\"widget\" data-widget_type=\"text-editor.default\">\n\t\t\t\t<div class=\"elementor-widget-container\">\n\t\t\t\t\t\t\t\t\t<p>The night starts smoothly with an afterwork format perfect for early week plans. Early arrivals can enjoy happy hour until 8pm, ideal for drinks with colleagues or friends in a relaxed setting. As the night goes on, the tempo rises, cocktails flow, and the music takes over, turning the afterwork into a full-on clubbing experience.<\/p>\n\t\t\t\t\t\t\t\t<\/div>\n\t\t\t\t<\/div>\n\t\t\t\t<div class=\"elementor-element elementor-element-b02477e elementor-widget elementor-widget-heading\" data-id=\"b02477e\" data-element_type=\"widget\" data-e-type=\"widget\" data-widget_type=\"heading.default\">\n\t\t\t\t<div class=\"elementor-widget-container\">\n\t\t\t\t\t<h3 class=\"elementor-heading-title elementor-size-default\">A Tuesday night in Paris you can\u2019t miss <\/h3>\t\t\t\t<\/div>\n\t\t\t\t<\/div>\n\t\t\t\t<div class=\"elementor-element elementor-element-7a7d96c elementor-widget elementor-widget-text-editor\" data-id=\"7a7d96c\" data-element_type=\"widget\" data-e-type=\"widget\" data-widget_type=\"text-editor.default\">\n\t\t\t\t<div class=\"elementor-widget-container\">\n\t\t\t\t\t\t\t\t\t<p>With Perreo Latino, Caf\u00e9 Oz Rooftop is redefining weekday nightlife. Tuesday becomes a new party ritual in Paris, where people come as much for the vibe as for the stunning setting. Rooftop views, Latin music, and collective energy come together to create one of the city\u2019s must-attend nights.<\/p>\n\t\t\t\t\t\t\t\t<\/div>\n\t\t\t\t<\/div>\n\t\t\t\t<div class=\"elementor-element elementor-element-ca237d9 elementor-widget elementor-widget-image\" data-id=\"ca237d9\" data-element_type=\"widget\" data-e-type=\"widget\" data-widget_type=\"image.default\">\n\t\t\t\t<div class=\"elementor-widget-container\">\n\t\t\t\t\t\t\t\t\t\t\t\t\t\t\t<img fetchpriority=\"high\" decoding=\"async\" width=\"800\" height=\"296\" src=\"https:\/\/cafe-oz.com\/wp-content\/uploads\/2026\/03\/affiche-Perreo-Latino-Cover-Facebook.png\" class=\"attachment-large size-large wp-image-55198\" alt=\"\" srcset=\"https:\/\/cafe-oz.com\/wp-content\/uploads\/2026\/03\/affiche-Perreo-Latino-Cover-Facebook.png 851w, https:\/\/cafe-oz.com\/wp-content\/uploads\/2026\/03\/affiche-Perreo-Latino-Cover-Facebook-300x111.png 300w, https:\/\/cafe-oz.com\/wp-content\/uploads\/2026\/03\/affiche-Perreo-Latino-Cover-Facebook-768x284.png 768w\" sizes=\"(max-width: 800px) 100vw, 800px\" \/>\t\t\t\t\t\t\t\t\t\t\t\t\t\t\t<\/div>\n\t\t\t\t<\/div>\n\t\t\t\t\t<\/div>\n\t\t\t\t<\/div>\n\t\t<div class=\"elementor-element elementor-element-40d479d e-flex e-con-boxed e-con e-parent\" data-id=\"40d479d\" data-element_type=\"container\" data-e-type=\"container\">\n\t\t\t\t\t<div class=\"e-con-inner\">\n\t\t\t\t<div class=\"elementor-element elementor-element-8b86e3e elementor-widget elementor-widget-heading\" data-id=\"8b86e3e\" data-element_type=\"widget\" data-e-type=\"widget\" data-widget_type=\"heading.default\">\n\t\t\t\t<div class=\"elementor-widget-container\">\n\t\t\t\t\t<h3 class=\"elementor-heading-title elementor-size-default\">Practical informations<\/h3>\t\t\t\t<\/div>\n\t\t\t\t<\/div>\n\t\t\t\t<div class=\"elementor-element elementor-element-e350e9d elementor-widget elementor-widget-text-editor\" data-id=\"e350e9d\" data-element_type=\"widget\" data-e-type=\"widget\" data-widget_type=\"text-editor.default\">\n\t\t\t\t<div class=\"elementor-widget-container\">\n\t\t\t\t\t\t\t\t\t<p>\ud83d\udccd Location: Caf\u00e9 Oz Rooftop, Cit\u00e9 de la Mode et du Design, Paris<br \/>\ud83d\udcc5 When: Every Tuesday<br \/>\ud83c\udfa7 DJ: Juste Romain &amp; Irvin Turn<br \/>\ud83c\udf79 Happy Hour until 8pm<\/p>\n\t\t\t\t\t\t\t\t<\/div>\n\t\t\t\t<\/div>\n\t\t\t\t\t<\/div>\n\t\t\t\t<\/div>\n\t\t<div class=\"elementor-element elementor-element-3122950 e-flex e-con-boxed e-con e-parent\" data-id=\"3122950\" data-element_type=\"container\" data-e-type=\"container\">\n\t\t\t\t\t<div class=\"e-con-inner\">\n\t\t\t\t<div class=\"elementor-element elementor-element-4fd5e3b elementor-shape-circle elementor-grid-0 e-grid-align-center elementor-widget elementor-widget-social-icons\" data-id=\"4fd5e3b\" data-element_type=\"widget\" data-e-type=\"widget\" data-widget_type=\"social-icons.default\">\n\t\t\t\t<div class=\"elementor-widget-container\">\n\t\t\t\t\t\t\t<div class=\"elementor-social-icons-wrapper elementor-grid\" role=\"list\">\n\t\t\t\t\t\t\t<span class=\"elementor-grid-item\" role=\"listitem\">\n\t\t\t\t\t<a class=\"elementor-icon elementor-social-icon elementor-social-icon-facebook elementor-repeater-item-bb051bc\" href=\"https:\/\/www.facebook.com\/CafeOzRooftop\" target=\"_blank\">\n\t\t\t\t\t\t<span class=\"elementor-screen-only\">Facebook<\/span>\n\t\t\t\t\t\t<svg aria-hidden=\"true\" class=\"e-font-icon-svg e-fab-facebook\" viewBox=\"0 0 512 512\" xmlns=\"http:\/\/www.w3.org\/2000\/svg\"><path d=\"M504 256C504 119 393 8 256 8S8 119 8 256c0 123.78 90.69 226.38 209.25 245V327.69h-63V256h63v-54.64c0-62.15 37-96.48 93.67-96.48 27.14 0 55.52 4.84 55.52 4.84v61h-31.28c-30.8 0-40.41 19.12-40.41 38.73V256h68.78l-11 71.69h-57.78V501C413.31 482.38 504 379.78 504 256z\"><\/path><\/svg>\t\t\t\t\t<\/a>\n\t\t\t\t<\/span>\n\t\t\t\t\t\t\t<span class=\"elementor-grid-item\" role=\"listitem\">\n\t\t\t\t\t<a class=\"elementor-icon elementor-social-icon elementor-social-icon-instagram elementor-repeater-item-58b5ea2\" href=\"https:\/\/www.instagram.com\/cafeozrooftop\/\" target=\"_blank\">\n\t\t\t\t\t\t<span class=\"elementor-screen-only\">Instagram<\/span>\n\t\t\t\t\t\t<svg aria-hidden=\"true\" class=\"e-font-icon-svg e-fab-instagram\" viewBox=\"0 0 448 512\" xmlns=\"http:\/\/www.w3.org\/2000\/svg\"><path d=\"M224.1 141c-63.6 0-114.9 51.3-114.9 114.9s51.3 114.9 114.9 114.9S339 319.5 339 255.9 287.7 141 224.1 141zm0 189.6c-41.1 0-74.7-33.5-74.7-74.7s33.5-74.7 74.7-74.7 74.7 33.5 74.7 74.7-33.6 74.7-74.7 74.7zm146.4-194.3c0 14.9-12 26.8-26.8 26.8-14.9 0-26.8-12-26.8-26.8s12-26.8 26.8-26.8 26.8 12 26.8 26.8zm76.1 27.2c-1.7-35.9-9.9-67.7-36.2-93.9-26.2-26.2-58-34.4-93.9-36.2-37-2.1-147.9-2.1-184.9 0-35.8 1.7-67.6 9.9-93.9 36.1s-34.4 58-36.2 93.9c-2.1 37-2.1 147.9 0 184.9 1.7 35.9 9.9 67.7 36.2 93.9s58 34.4 93.9 36.2c37 2.1 147.9 2.1 184.9 0 35.9-1.7 67.7-9.9 93.9-36.2 26.2-26.2 34.4-58 36.2-93.9 2.1-37 2.1-147.8 0-184.8zM398.8 388c-7.8 19.6-22.9 34.7-42.6 42.6-29.5 11.7-99.5 9-132.1 9s-102.7 2.6-132.1-9c-19.6-7.8-34.7-22.9-42.6-42.6-11.7-29.5-9-99.5-9-132.1s-2.6-102.7 9-132.1c7.8-19.6 22.9-34.7 42.6-42.6 29.5-11.7 99.5-9 132.1-9s102.7-2.6 132.1 9c19.6 7.8 34.7 22.9 42.6 42.6 11.7 29.5 9 99.5 9 132.1s2.7 102.7-9 132.1z\"><\/path><\/svg>\t\t\t\t\t<\/a>\n\t\t\t\t<\/span>\n\t\t\t\t\t<\/div>\n\t\t\t\t\t\t<\/div>\n\t\t\t\t<\/div>\n\t\t\t\t\t<\/div>\n\t\t\t\t<\/div>\n\t\t<div class=\"elementor-element elementor-element-a922d4a e-flex e-con-boxed e-con e-parent\" data-id=\"a922d4a\" data-element_type=\"container\" data-e-type=\"container\">\n\t\t\t\t\t<div class=\"e-con-inner\">\n\t\t\t\t\t<\/div>\n\t\t\t\t<\/div>\n\t\t\t\t<\/div>\n\t\t","protected":false},"excerpt":{"rendered":"<p>Perreo Latino in Paris : The ultimate reggaeton Tuesday party at Caf\u00e9 Oz Rooftop Looking for a Latino party in Paris to spice up your Tuesdays? Caf\u00e9 Oz Rooftop presents Perreo Latino w\/ Juste Romain &amp; Irvin Turn, a weekly event dedicated to reggaeton, Latin music, and caliente vibes, all with a breathtaking view over [&hellip;]<\/p>\n","protected":false},"author":11,"featured_media":55610,"comment_status":"open","ping_status":"open","sticky":false,"template":"","format":"standard","meta":{"_acf_changed":false,"inline_featured_image":false,"footnotes":""},"categories":[65],"tags":[],"class_list":["post-55604","post","type-post","status-publish","format-standard","has-post-thumbnail","hentry","category-articles-en"],"acf":[],"yoast_head":"<!-- This site is optimized with the Yoast SEO plugin v26.5 - https:\/\/yoast.com\/wordpress\/plugins\/seo\/ -->\n<title>Latino Party at Caf\u00e9 Oz Rooftop<\/title>\n<meta name=\"description\" content=\"Latino Night at Caf\u00e9 Oz Rooftop - Join us every Tuesday at Caf\u00e9 Oz Rooftop for the hottest Latino party in Paris\" \/>\n<meta name=\"robots\" content=\"index, follow, max-snippet:-1, max-image-preview:large, max-video-preview:-1\" \/>\n<link rel=\"canonical\" href=\"https:\/\/cafe-oz.com\/soiree-latino-au-cafe-oz-rooftop\/\" \/>\n<meta property=\"og:locale\" content=\"en_US\" \/>\n<meta property=\"og:type\" content=\"article\" \/>\n<meta property=\"og:title\" content=\"Latino Party at Caf\u00e9 Oz Rooftop\" \/>\n<meta property=\"og:description\" content=\"Latino Night at Caf\u00e9 Oz Rooftop - Join us every Tuesday at Caf\u00e9 Oz Rooftop for the hottest Latino party in Paris\" \/>\n<meta property=\"og:url\" content=\"https:\/\/cafe-oz.com\/soiree-latino-au-cafe-oz-rooftop\/\" \/>\n<meta property=\"og:site_name\" content=\"Cafe Oz\" \/>\n<meta property=\"article:published_time\" content=\"2026-04-01T15:15:53+00:00\" \/>\n<meta property=\"article:modified_time\" content=\"2026-04-10T15:25:51+00:00\" \/>\n<meta property=\"og:image\" content=\"https:\/\/cafe-oz.com\/wp-content\/uploads\/2025\/07\/CAFE-OZ-ROOFTOP-CONCERT-by-Damien-Paillard-18-scaled-1.jpg\" \/>\n\t<meta property=\"og:image:width\" content=\"2560\" \/>\n\t<meta property=\"og:image:height\" content=\"1707\" \/>\n\t<meta property=\"og:image:type\" content=\"image\/jpeg\" \/>\n<meta name=\"author\" content=\"admin4741\" \/>\n<meta name=\"twitter:card\" content=\"summary_large_image\" \/>\n<meta name=\"twitter:label1\" content=\"Written by\" \/>\n\t<meta name=\"twitter:data1\" content=\"admin4741\" \/>\n\t<meta name=\"twitter:label2\" content=\"Est. reading time\" \/>\n\t<meta name=\"twitter:data2\" content=\"2 minutes\" \/>\n<script type=\"application\/ld+json\" class=\"yoast-schema-graph\">{\"@context\":\"https:\/\/schema.org\",\"@graph\":[{\"@type\":\"Article\",\"@id\":\"https:\/\/cafe-oz.com\/soiree-latino-au-cafe-oz-rooftop\/#article\",\"isPartOf\":{\"@id\":\"https:\/\/cafe-oz.com\/soiree-latino-au-cafe-oz-rooftop\/\"},\"author\":{\"name\":\"admin4741\",\"@id\":\"https:\/\/cafe-oz.com\/en\/#\/schema\/person\/56b46708efed2c189a602db939a1e800\"},\"headline\":\"Latino Party at Caf\u00e9 Oz Rooftop\",\"datePublished\":\"2026-04-01T15:15:53+00:00\",\"dateModified\":\"2026-04-10T15:25:51+00:00\",\"mainEntityOfPage\":{\"@id\":\"https:\/\/cafe-oz.com\/soiree-latino-au-cafe-oz-rooftop\/\"},\"wordCount\":393,\"commentCount\":0,\"publisher\":{\"@id\":\"https:\/\/cafe-oz.com\/en\/#organization\"},\"image\":{\"@id\":\"https:\/\/cafe-oz.com\/soiree-latino-au-cafe-oz-rooftop\/#primaryimage\"},\"thumbnailUrl\":\"https:\/\/cafe-oz.com\/wp-content\/uploads\/2026\/04\/affiche-Perreo-Latino-Event-facebook.png\",\"articleSection\":[\"Articles\"],\"inLanguage\":\"en-US\",\"potentialAction\":[{\"@type\":\"CommentAction\",\"name\":\"Comment\",\"target\":[\"https:\/\/cafe-oz.com\/soiree-latino-au-cafe-oz-rooftop\/#respond\"]}]},{\"@type\":\"WebPage\",\"@id\":\"https:\/\/cafe-oz.com\/soiree-latino-au-cafe-oz-rooftop\/\",\"url\":\"https:\/\/cafe-oz.com\/soiree-latino-au-cafe-oz-rooftop\/\",\"name\":\"Latino Party at Caf\u00e9 Oz Rooftop\",\"isPartOf\":{\"@id\":\"https:\/\/cafe-oz.com\/en\/#website\"},\"primaryImageOfPage\":{\"@id\":\"https:\/\/cafe-oz.com\/soiree-latino-au-cafe-oz-rooftop\/#primaryimage\"},\"image\":{\"@id\":\"https:\/\/cafe-oz.com\/soiree-latino-au-cafe-oz-rooftop\/#primaryimage\"},\"thumbnailUrl\":\"https:\/\/cafe-oz.com\/wp-content\/uploads\/2026\/04\/affiche-Perreo-Latino-Event-facebook.png\",\"datePublished\":\"2026-04-01T15:15:53+00:00\",\"dateModified\":\"2026-04-10T15:25:51+00:00\",\"description\":\"Latino Night at Caf\u00e9 Oz Rooftop - Join us every Tuesday at Caf\u00e9 Oz Rooftop for the hottest Latino party in Paris\",\"breadcrumb\":{\"@id\":\"https:\/\/cafe-oz.com\/soiree-latino-au-cafe-oz-rooftop\/#breadcrumb\"},\"inLanguage\":\"en-US\",\"potentialAction\":[{\"@type\":\"ReadAction\",\"target\":[\"https:\/\/cafe-oz.com\/soiree-latino-au-cafe-oz-rooftop\/\"]}]},{\"@type\":\"ImageObject\",\"inLanguage\":\"en-US\",\"@id\":\"https:\/\/cafe-oz.com\/soiree-latino-au-cafe-oz-rooftop\/#primaryimage\",\"url\":\"https:\/\/cafe-oz.com\/wp-content\/uploads\/2026\/04\/affiche-Perreo-Latino-Event-facebook.png\",\"contentUrl\":\"https:\/\/cafe-oz.com\/wp-content\/uploads\/2026\/04\/affiche-Perreo-Latino-Event-facebook.png\",\"width\":1280,\"height\":960},{\"@type\":\"BreadcrumbList\",\"@id\":\"https:\/\/cafe-oz.com\/soiree-latino-au-cafe-oz-rooftop\/#breadcrumb\",\"itemListElement\":[{\"@type\":\"ListItem\",\"position\":1,\"name\":\"Accueil\",\"item\":\"https:\/\/cafe-oz.com\/en\/landing\/\"},{\"@type\":\"ListItem\",\"position\":2,\"name\":\"Latino Party at Caf\u00e9 Oz Rooftop\"}]},{\"@type\":\"WebSite\",\"@id\":\"https:\/\/cafe-oz.com\/en\/#website\",\"url\":\"https:\/\/cafe-oz.com\/en\/\",\"name\":\"Cafe Oz\",\"description\":\"The Australian Bar\",\"publisher\":{\"@id\":\"https:\/\/cafe-oz.com\/en\/#organization\"},\"potentialAction\":[{\"@type\":\"SearchAction\",\"target\":{\"@type\":\"EntryPoint\",\"urlTemplate\":\"https:\/\/cafe-oz.com\/en\/?s={search_term_string}\"},\"query-input\":{\"@type\":\"PropertyValueSpecification\",\"valueRequired\":true,\"valueName\":\"search_term_string\"}}],\"inLanguage\":\"en-US\"},{\"@type\":\"Organization\",\"@id\":\"https:\/\/cafe-oz.com\/en\/#organization\",\"name\":\"Cafe Oz\",\"url\":\"https:\/\/cafe-oz.com\/en\/\",\"logo\":{\"@type\":\"ImageObject\",\"inLanguage\":\"en-US\",\"@id\":\"https:\/\/cafe-oz.com\/en\/#\/schema\/logo\/image\/\",\"url\":\"https:\/\/cafe-oz.com\/wp-content\/uploads\/2025\/06\/Groupe-113.svg\",\"contentUrl\":\"https:\/\/cafe-oz.com\/wp-content\/uploads\/2025\/06\/Groupe-113.svg\",\"width\":122,\"height\":70,\"caption\":\"Cafe Oz\"},\"image\":{\"@id\":\"https:\/\/cafe-oz.com\/en\/#\/schema\/logo\/image\/\"}},{\"@type\":\"Person\",\"@id\":\"https:\/\/cafe-oz.com\/en\/#\/schema\/person\/56b46708efed2c189a602db939a1e800\",\"name\":\"admin4741\",\"image\":{\"@type\":\"ImageObject\",\"inLanguage\":\"en-US\",\"@id\":\"https:\/\/cafe-oz.com\/en\/#\/schema\/person\/image\/\",\"url\":\"https:\/\/secure.gravatar.com\/avatar\/8d9a659c04352ae7d61902b2b35749f2068995ce79bde713c42014c15b4cf7fa?s=96&d=mm&r=g\",\"contentUrl\":\"https:\/\/secure.gravatar.com\/avatar\/8d9a659c04352ae7d61902b2b35749f2068995ce79bde713c42014c15b4cf7fa?s=96&d=mm&r=g\",\"caption\":\"admin4741\"},\"sameAs\":[\"https:\/\/cafe-oz.com\"],\"url\":\"https:\/\/cafe-oz.com\/en\/author\/admin4741\/\"}]}<\/script>\n<!-- \/ Yoast SEO plugin. -->","yoast_head_json":{"title":"Latino Party at Caf\u00e9 Oz Rooftop","description":"Latino Night at Caf\u00e9 Oz Rooftop - Join us every Tuesday at Caf\u00e9 Oz Rooftop for the hottest Latino party in Paris","robots":{"index":"index","follow":"follow","max-snippet":"max-snippet:-1","max-image-preview":"max-image-preview:large","max-video-preview":"max-video-preview:-1"},"canonical":"https:\/\/cafe-oz.com\/soiree-latino-au-cafe-oz-rooftop\/","og_locale":"en_US","og_type":"article","og_title":"Latino Party at Caf\u00e9 Oz Rooftop","og_description":"Latino Night at Caf\u00e9 Oz Rooftop - Join us every Tuesday at Caf\u00e9 Oz Rooftop for the hottest Latino party in Paris","og_url":"https:\/\/cafe-oz.com\/soiree-latino-au-cafe-oz-rooftop\/","og_site_name":"Cafe Oz","article_published_time":"2026-04-01T15:15:53+00:00","article_modified_time":"2026-04-10T15:25:51+00:00","og_image":[{"width":2560,"height":1707,"url":"https:\/\/cafe-oz.com\/wp-content\/uploads\/2025\/07\/CAFE-OZ-ROOFTOP-CONCERT-by-Damien-Paillard-18-scaled-1.jpg","type":"image\/jpeg"}],"author":"admin4741","twitter_card":"summary_large_image","twitter_misc":{"Written by":"admin4741","Est. reading time":"2 minutes"},"schema":{"@context":"https:\/\/schema.org","@graph":[{"@type":"Article","@id":"https:\/\/cafe-oz.com\/soiree-latino-au-cafe-oz-rooftop\/#article","isPartOf":{"@id":"https:\/\/cafe-oz.com\/soiree-latino-au-cafe-oz-rooftop\/"},"author":{"name":"admin4741","@id":"https:\/\/cafe-oz.com\/en\/#\/schema\/person\/56b46708efed2c189a602db939a1e800"},"headline":"Latino Party at Caf\u00e9 Oz Rooftop","datePublished":"2026-04-01T15:15:53+00:00","dateModified":"2026-04-10T15:25:51+00:00","mainEntityOfPage":{"@id":"https:\/\/cafe-oz.com\/soiree-latino-au-cafe-oz-rooftop\/"},"wordCount":393,"commentCount":0,"publisher":{"@id":"https:\/\/cafe-oz.com\/en\/#organization"},"image":{"@id":"https:\/\/cafe-oz.com\/soiree-latino-au-cafe-oz-rooftop\/#primaryimage"},"thumbnailUrl":"https:\/\/cafe-oz.com\/wp-content\/uploads\/2026\/04\/affiche-Perreo-Latino-Event-facebook.png","articleSection":["Articles"],"inLanguage":"en-US","potentialAction":[{"@type":"CommentAction","name":"Comment","target":["https:\/\/cafe-oz.com\/soiree-latino-au-cafe-oz-rooftop\/#respond"]}]},{"@type":"WebPage","@id":"https:\/\/cafe-oz.com\/soiree-latino-au-cafe-oz-rooftop\/","url":"https:\/\/cafe-oz.com\/soiree-latino-au-cafe-oz-rooftop\/","name":"Latino Party at Caf\u00e9 Oz Rooftop","isPartOf":{"@id":"https:\/\/cafe-oz.com\/en\/#website"},"primaryImageOfPage":{"@id":"https:\/\/cafe-oz.com\/soiree-latino-au-cafe-oz-rooftop\/#primaryimage"},"image":{"@id":"https:\/\/cafe-oz.com\/soiree-latino-au-cafe-oz-rooftop\/#primaryimage"},"thumbnailUrl":"https:\/\/cafe-oz.com\/wp-content\/uploads\/2026\/04\/affiche-Perreo-Latino-Event-facebook.png","datePublished":"2026-04-01T15:15:53+00:00","dateModified":"2026-04-10T15:25:51+00:00","description":"Latino Night at Caf\u00e9 Oz Rooftop - Join us every Tuesday at Caf\u00e9 Oz Rooftop for the hottest Latino party in Paris","breadcrumb":{"@id":"https:\/\/cafe-oz.com\/soiree-latino-au-cafe-oz-rooftop\/#breadcrumb"},"inLanguage":"en-US","potentialAction":[{"@type":"ReadAction","target":["https:\/\/cafe-oz.com\/soiree-latino-au-cafe-oz-rooftop\/"]}]},{"@type":"ImageObject","inLanguage":"en-US","@id":"https:\/\/cafe-oz.com\/soiree-latino-au-cafe-oz-rooftop\/#primaryimage","url":"https:\/\/cafe-oz.com\/wp-content\/uploads\/2026\/04\/affiche-Perreo-Latino-Event-facebook.png","contentUrl":"https:\/\/cafe-oz.com\/wp-content\/uploads\/2026\/04\/affiche-Perreo-Latino-Event-facebook.png","width":1280,"height":960},{"@type":"BreadcrumbList","@id":"https:\/\/cafe-oz.com\/soiree-latino-au-cafe-oz-rooftop\/#breadcrumb","itemListElement":[{"@type":"ListItem","position":1,"name":"Accueil","item":"https:\/\/cafe-oz.com\/en\/landing\/"},{"@type":"ListItem","position":2,"name":"Latino Party at Caf\u00e9 Oz Rooftop"}]},{"@type":"WebSite","@id":"https:\/\/cafe-oz.com\/en\/#website","url":"https:\/\/cafe-oz.com\/en\/","name":"Cafe Oz","description":"The Australian Bar","publisher":{"@id":"https:\/\/cafe-oz.com\/en\/#organization"},"potentialAction":[{"@type":"SearchAction","target":{"@type":"EntryPoint","urlTemplate":"https:\/\/cafe-oz.com\/en\/?s={search_term_string}"},"query-input":{"@type":"PropertyValueSpecification","valueRequired":true,"valueName":"search_term_string"}}],"inLanguage":"en-US"},{"@type":"Organization","@id":"https:\/\/cafe-oz.com\/en\/#organization","name":"Cafe Oz","url":"https:\/\/cafe-oz.com\/en\/","logo":{"@type":"ImageObject","inLanguage":"en-US","@id":"https:\/\/cafe-oz.com\/en\/#\/schema\/logo\/image\/","url":"https:\/\/cafe-oz.com\/wp-content\/uploads\/2025\/06\/Groupe-113.svg","contentUrl":"https:\/\/cafe-oz.com\/wp-content\/uploads\/2025\/06\/Groupe-113.svg","width":122,"height":70,"caption":"Cafe Oz"},"image":{"@id":"https:\/\/cafe-oz.com\/en\/#\/schema\/logo\/image\/"}},{"@type":"Person","@id":"https:\/\/cafe-oz.com\/en\/#\/schema\/person\/56b46708efed2c189a602db939a1e800","name":"admin4741","image":{"@type":"ImageObject","inLanguage":"en-US","@id":"https:\/\/cafe-oz.com\/en\/#\/schema\/person\/image\/","url":"https:\/\/secure.gravatar.com\/avatar\/8d9a659c04352ae7d61902b2b35749f2068995ce79bde713c42014c15b4cf7fa?s=96&d=mm&r=g","contentUrl":"https:\/\/secure.gravatar.com\/avatar\/8d9a659c04352ae7d61902b2b35749f2068995ce79bde713c42014c15b4cf7fa?s=96&d=mm&r=g","caption":"admin4741"},"sameAs":["https:\/\/cafe-oz.com"],"url":"https:\/\/cafe-oz.com\/en\/author\/admin4741\/"}]}},"_links":{"self":[{"href":"https:\/\/cafe-oz.com\/en\/wp-json\/wp\/v2\/posts\/55604","targetHints":{"allow":["GET"]}}],"collection":[{"href":"https:\/\/cafe-oz.com\/en\/wp-json\/wp\/v2\/posts"}],"about":[{"href":"https:\/\/cafe-oz.com\/en\/wp-json\/wp\/v2\/types\/post"}],"author":[{"embeddable":true,"href":"https:\/\/cafe-oz.com\/en\/wp-json\/wp\/v2\/users\/11"}],"replies":[{"embeddable":true,"href":"https:\/\/cafe-oz.com\/en\/wp-json\/wp\/v2\/comments?post=55604"}],"version-history":[{"count":1,"href":"https:\/\/cafe-oz.com\/en\/wp-json\/wp\/v2\/posts\/55604\/revisions"}],"predecessor-version":[{"id":55605,"href":"https:\/\/cafe-oz.com\/en\/wp-json\/wp\/v2\/posts\/55604\/revisions\/55605"}],"wp:featuredmedia":[{"embeddable":true,"href":"https:\/\/cafe-oz.com\/en\/wp-json\/wp\/v2\/media\/55610"}],"wp:attachment":[{"href":"https:\/\/cafe-oz.com\/en\/wp-json\/wp\/v2\/media?parent=55604"}],"wp:term":[{"taxonomy":"category","embeddable":true,"href":"https:\/\/cafe-oz.com\/en\/wp-json\/wp\/v2\/categories?post=55604"},{"taxonomy":"post_tag","embeddable":true,"href":"https:\/\/cafe-oz.com\/en\/wp-json\/wp\/v2\/tags?post=55604"}],"curies":[{"name":"wp","href":"https:\/\/api.w.org\/{rel}","templated":true}]}}